{"id":2621,"date":"2023-02-22T12:00:00","date_gmt":"2023-02-22T11:00:00","guid":{"rendered":"https:\/\/amicalelaiquelaferte.fr\/?p=2621"},"modified":"2023-05-01T11:19:57","modified_gmt":"2023-05-01T10:19:57","slug":"2621","status":"publish","type":"post","link":"https:\/\/amicalelaiquelaferte.fr\/index.php\/2023\/02\/22\/2621\/","title":{"rendered":"Conf\u00e9rence 15 avril ANNUL\u00c9E"},"content":{"rendered":"\n<figure class=\"wp-block-image size-large\"><img loading=\"lazy\" decoding=\"async\" width=\"724\" height=\"1024\" data-attachment-id=\"2659\" data-permalink=\"https:\/\/amicalelaiquelaferte.fr\/index.php\/2023\/02\/22\/2621\/affiche-conference-2023-1\/\" data-orig-file=\"https:\/\/i0.wp.com\/amicalelaiquelaferte.fr\/wp-content\/uploads\/2023\/02\/affiche-conference-2023-1.jpg?fit=1240%2C1754&amp;ssl=1\" data-orig-size=\"1240,1754\" data-comments-opened=\"0\" data-image-meta=\"{&quot;aperture&quot;:&quot;0&quot;,&quot;credit&quot;:&quot;&quot;,&quot;camera&quot;:&quot;&quot;,&quot;caption&quot;:&quot;&quot;,&quot;created_timestamp&quot;:&quot;0&quot;,&quot;copyright&quot;:&quot;&quot;,&quot;focal_length&quot;:&quot;0&quot;,&quot;iso&quot;:&quot;0&quot;,&quot;shutter_speed&quot;:&quot;0&quot;,&quot;title&quot;:&quot;&quot;,&quot;orientation&quot;:&quot;0&quot;}\" data-image-title=\"affiche-conference-2023-1\" data-image-description=\"\" data-image-caption=\"\" data-medium-file=\"https:\/\/i0.wp.com\/amicalelaiquelaferte.fr\/wp-content\/uploads\/2023\/02\/affiche-conference-2023-1.jpg?fit=212%2C300&amp;ssl=1\" data-large-file=\"https:\/\/i0.wp.com\/amicalelaiquelaferte.fr\/wp-content\/uploads\/2023\/02\/affiche-conference-2023-1.jpg?fit=724%2C1024&amp;ssl=1\" src=\"https:\/\/i0.wp.com\/amicalelaiquelaferte.fr\/wp-content\/uploads\/2023\/02\/affiche-conference-2023-1.jpg?resize=724%2C1024&#038;ssl=1\" alt=\"\" class=\"wp-image-2659\" srcset=\"https:\/\/i0.wp.com\/amicalelaiquelaferte.fr\/wp-content\/uploads\/2023\/02\/affiche-conference-2023-1.jpg?resize=724%2C1024&amp;ssl=1 724w, https:\/\/i0.wp.com\/amicalelaiquelaferte.fr\/wp-content\/uploads\/2023\/02\/affiche-conference-2023-1.jpg?resize=212%2C300&amp;ssl=1 212w, https:\/\/i0.wp.com\/amicalelaiquelaferte.fr\/wp-content\/uploads\/2023\/02\/affiche-conference-2023-1.jpg?resize=768%2C1086&amp;ssl=1 768w, https:\/\/i0.wp.com\/amicalelaiquelaferte.fr\/wp-content\/uploads\/2023\/02\/affiche-conference-2023-1.jpg?resize=1086%2C1536&amp;ssl=1 1086w, https:\/\/i0.wp.com\/amicalelaiquelaferte.fr\/wp-content\/uploads\/2023\/02\/affiche-conference-2023-1.jpg?w=1240&amp;ssl=1 1240w\" sizes=\"auto, (max-width: 724px) 100vw, 724px\" data-recalc-dims=\"1\" \/><figcaption><br><br><strong><span class=\"has-inline-color has-vivid-cyan-blue-color\">Grande figure de l&rsquo;histoire de notre pays, la vie et les combats du tribun socialiste gardent, pr\u00e8s de 110 ans apr\u00e8s sa mort, une grande actualit\u00e9.<br>Jaur\u00e8s incarne la volont\u00e9 de construire une R\u00e9publique, h\u00e9riti\u00e8re des combats de la R\u00e9volution fran\u00e7aise, et permettant l&rsquo;\u00e9mancipation la\u00efque et sociale de toutes et tous. A l&rsquo;heure o\u00f9 les in\u00e9galit\u00e9s explosent ces id\u00e9es n&rsquo;ont pas pris une ride.<br>Assassin\u00e9 pour avoir voulu emp\u00eacher la guerre en 1914, Jaur\u00e8s personnifie aussi la lutte pour un monde de paix et de justice. En 2023, alors que le bruit du canon tonne \u00e0 nouveau en Europe, cette r\u00e9f\u00e9rence demeure vitale.<br><br>Julien GUERIN, professeur d&rsquo;histoire au lyc\u00e9e Jacques-Amyot \u00e0 Melun, auteur et conf\u00e9rencier, reviendra sur cet itin\u00e9raire qui a encore tant \u00e0 nous dire !<\/span><\/strong><\/figcaption><\/figure>\n","protected":false},"excerpt":{"rendered":"","protected":false},"author":1,"featured_media":0,"comment_status":"closed","ping_status":"closed","sticky":false,"template":"","format":"status","meta":{"jetpack_post_was_ever_published":false,"_jetpack_newsletter_access":"","footnotes":"","jetpack_publicize_message":"","jetpack_is_tweetstorm":false,"jetpack_publicize_feature_enabled":true,"jetpack_social_post_already_shared":true,"jetpack_social_options":{"image_generator_settings":{"template":"highway","enabled":false}}},"categories":[25,5],"tags":[],"class_list":["post-2621","post","type-post","status-publish","format-status","hentry","category-25","category-amicale-laique","post_format-post-format-status"],"jetpack_publicize_connections":[],"jetpack_featured_media_url":"","jetpack_sharing_enabled":true,"jetpack_shortlink":"https:\/\/wp.me\/s7n7NQ-2621","jetpack-related-posts":[{"id":2632,"url":"https:\/\/amicalelaiquelaferte.fr\/index.php\/2023\/02\/11\/lassemblee-generale-a-eu-lieu-le-12-fevrier\/","url_meta":{"origin":2621,"position":0},"title":"L&rsquo;Assembl\u00e9e G\u00e9n\u00e9rale a eu lieu le 12 f\u00e9vrier.","author":"Amicale","date":"11 f\u00e9vrier 2023","format":"status","excerpt":"","rel":"","context":"Dans &quot;2023&quot;","block_context":{"text":"2023","link":"https:\/\/amicalelaiquelaferte.fr\/index.php\/category\/2023\/"},"img":{"alt_text":"","src":"","width":0,"height":0},"classes":[]},{"id":2570,"url":"https:\/\/amicalelaiquelaferte.fr\/index.php\/2023\/04\/30\/anniversaire\/","url_meta":{"origin":2621,"position":1},"title":"Anniversaire","author":"Amicale","date":"30 avril 2023","format":"status","excerpt":"","rel":"","context":"Dans &quot;2023&quot;","block_context":{"text":"2023","link":"https:\/\/amicalelaiquelaferte.fr\/index.php\/category\/2023\/"},"img":{"alt_text":"","src":"https:\/\/i0.wp.com\/amicalelaiquelaferte.fr\/wp-content\/uploads\/2023\/01\/banderole-5-3.jpg?fit=1200%2C846&ssl=1&resize=350%2C200","width":350,"height":200},"classes":[]},{"id":2734,"url":"https:\/\/amicalelaiquelaferte.fr\/index.php\/2023\/04\/26\/les-seances-au-planetarium\/","url_meta":{"origin":2621,"position":2},"title":"Les s\u00e9ances au plan\u00e9tarium","author":"Amicale","date":"26 avril 2023","format":"status","excerpt":"","rel":"","context":"Dans &quot;2023&quot;","block_context":{"text":"2023","link":"https:\/\/amicalelaiquelaferte.fr\/index.php\/category\/2023\/"},"img":{"alt_text":"","src":"https:\/\/i0.wp.com\/amicalelaiquelaferte.fr\/wp-content\/uploads\/2023\/05\/planetarium-1.jpg?resize=350%2C200&ssl=1","width":350,"height":200},"classes":[]},{"id":2702,"url":"https:\/\/amicalelaiquelaferte.fr\/index.php\/2023\/03\/31\/la-mascarade\/","url_meta":{"origin":2621,"position":3},"title":"La Mascarade","author":"Amicale","date":"31 mars 2023","format":"status","excerpt":"Bal costum\u00e9 pour les \u00e9l\u00e8ves des \u00e9coles publiques de la ville. Chaque enfant re\u00e7oit personnellement une invitation. Apr\u00e8s-midi tr\u00e8s r\u00e9ussi pour pr\u00e8s de 120 enfants (70 familles) qui ont \u00e9t\u00e9 accueillis par le Chapelier Fou et sa mascotte Pif dans un monde magique : danser, d\u00e9filer sur sc\u00e8ne pour montrer\u2026","rel":"","context":"Dans &quot;2023&quot;","block_context":{"text":"2023","link":"https:\/\/amicalelaiquelaferte.fr\/index.php\/category\/2023\/"},"img":{"alt_text":"","src":"https:\/\/i0.wp.com\/amicalelaiquelaferte.fr\/wp-content\/uploads\/2023\/03\/affiche-mascarade.jpg?resize=350%2C200&ssl=1","width":350,"height":200},"classes":[]},{"id":2315,"url":"https:\/\/amicalelaiquelaferte.fr\/index.php\/2022\/08\/07\/hommage-a-augustin-duburcq\/","url_meta":{"origin":2621,"position":4},"title":"Hommage \u00e0 Augustin Duburcq","author":"Amicale","date":"7 ao\u00fbt 2022","format":"status","excerpt":"","rel":"","context":"Dans &quot;2022&quot;","block_context":{"text":"2022","link":"https:\/\/amicalelaiquelaferte.fr\/index.php\/category\/2022\/"},"img":{"alt_text":"","src":"https:\/\/i0.wp.com\/amicalelaiquelaferte.fr\/wp-content\/uploads\/2022\/08\/hommage1.jpg?resize=350%2C200&ssl=1","width":350,"height":200},"classes":[]},{"id":1974,"url":"https:\/\/amicalelaiquelaferte.fr\/index.php\/2021\/09\/27\/les-clubs\/","url_meta":{"origin":2621,"position":5},"title":"Reprise des Clubs :","author":"Amicale","date":"27 septembre 2021","format":"status","excerpt":"","rel":"","context":"Dans &quot;2021&quot;","block_context":{"text":"2021","link":"https:\/\/amicalelaiquelaferte.fr\/index.php\/category\/2021\/"},"img":{"alt_text":"","src":"https:\/\/i0.wp.com\/amicalelaiquelaferte.fr\/wp-content\/uploads\/2021\/09\/Composition1-2.jpg?resize=350%2C200&ssl=1","width":350,"height":200},"classes":[]}],"_links":{"self":[{"href":"https:\/\/amicalelaiquelaferte.fr\/index.php\/wp-json\/wp\/v2\/posts\/2621","targetHints":{"allow":["GET"]}}],"collection":[{"href":"https:\/\/amicalelaiquelaferte.fr\/index.php\/wp-json\/wp\/v2\/posts"}],"about":[{"href":"https:\/\/amicalelaiquelaferte.fr\/index.php\/wp-json\/wp\/v2\/types\/post"}],"author":[{"embeddable":true,"href":"https:\/\/amicalelaiquelaferte.fr\/index.php\/wp-json\/wp\/v2\/users\/1"}],"replies":[{"embeddable":true,"href":"https:\/\/amicalelaiquelaferte.fr\/index.php\/wp-json\/wp\/v2\/comments?post=2621"}],"version-history":[{"count":8,"href":"https:\/\/amicalelaiquelaferte.fr\/index.php\/wp-json\/wp\/v2\/posts\/2621\/revisions"}],"predecessor-version":[{"id":2745,"href":"https:\/\/amicalelaiquelaferte.fr\/index.php\/wp-json\/wp\/v2\/posts\/2621\/revisions\/2745"}],"wp:attachment":[{"href":"https:\/\/amicalelaiquelaferte.fr\/index.php\/wp-json\/wp\/v2\/media?parent=2621"}],"wp:term":[{"taxonomy":"category","embeddable":true,"href":"https:\/\/amicalelaiquelaferte.fr\/index.php\/wp-json\/wp\/v2\/categories?post=2621"},{"taxonomy":"post_tag","embeddable":true,"href":"https:\/\/amicalelaiquelaferte.fr\/index.php\/wp-json\/wp\/v2\/tags?post=2621"}],"curies":[{"name":"wp","href":"https:\/\/api.w.org\/{rel}","templated":true}]}}